{"id":1965,"date":"2025-06-04T16:06:28","date_gmt":"2025-06-04T14:06:28","guid":{"rendered":"http:\/\/maximeallain.fr\/?p=1965"},"modified":"2025-06-12T17:03:04","modified_gmt":"2025-06-12T15:03:04","slug":"residence-secondaire","status":"publish","type":"post","link":"https:\/\/maximeallain.fr\/?p=1965","title":{"rendered":"R\u00e9sidence secondaire &#8211; Ouvrage"},"content":{"rendered":"<p class=\"fonts-plugin-block\" style=\"font-weight: normal;font-size: 48px;line-height: 1.3;color: #272B2F\"><strong>R\u00e9sidence secondaire<\/strong><\/p>\n\n<p class=\"fonts-plugin-block\" style=\"font-weight: normal;font-size: 16px;line-height: 1.3;color: #272B2F\">\u00c9dition<br>2024<\/p>\n\n<p class=\"fonts-plugin-block\" style=\"font-weight: normal;font-size: 16px;line-height: 1.3;color: #272B2F\">Conception graphique de l&rsquo;ouvrage scientifique\u00a0<em>R\u00e9sidence secondaire<\/em>. L\u2019ouvrage, plurilingue, r\u00e9unit un ensemble d&rsquo;articles scientifiques transdisciplinaires \u00e9clairant le projet artistique R\u00e9sidence secondaire.<br><br>R\u00e9sidence secondaire est un projet de recherche artistique et de coop\u00e9ration europ\u00e9enne men\u00e9 par L\u2019\u00e2ge de la tortue dont le concept est de r\u00e9unir pendant une semaine, dans un appartement en immersion sur un territoire, une \u00e9quipe in\u00e9dite compos\u00e9e : d\u2019un\u00b7e artiste, d\u2019une personne qui vit ou travaille sur le territoire questionn\u00e9, d\u2019une personne qui \u0153uvre pour la gouvernance de la cit\u00e9 (\u00e9lu\u00b7e ou agent d\u2019une collectivit\u00e9). Apr\u00e8s une semaine de travail collectif, la responsabilit\u00e9 revient \u00e0 l\u2019artiste de r\u00e9aliser, en 3\u00a0mois, une \u0153uvre issue de la r\u00e9flexion commune du trio pendant la r\u00e9sidence. L\u2019\u0153uvre est ensuite pr\u00e9sent\u00e9e dans l\u2019espace public.<br><br>\u2022 Consultez l&rsquo;ouvrage : https:\/\/www.calameo.com\/accounts\/6758038<br>\u2022 Plus d&rsquo;infos sur le projet R\u00e9sidence secondaire :\u00a0https:\/\/residence-secondaire.eu\/<br><br>Direction de la publication : Paloma Fern\u00e1ndez Sobrino, Marion Hohlfeldt, Vanessa Thouroude<br>Conception graphique : Maxime Allain<br>Traduction : Ubiqus \/ Acolad<br>Relecture : Taylor Still, Simon Prestwich, Fina Angl\u00e8s, Andrea Eidenhammer, Andr\u00e9 Belo<br>Impression : M\u00e9dia Graphic, Rennes, France.<br>ISBN : 979-10-91510-17-2<br>D\u00e9p\u00f4t l\u00e9gal : mai 2024<\/p>\n\n\n<div class=\"wp-block-image\"><figure class=\"aligncenter size-large\"><img decoding=\"async\" src=\"http:\/\/maximeallain.fr\/wp-content\/uploads\/2025\/06\/2-copie.jpg\" alt=\"\" class=\"wp-image-1977\"\/><\/figure><\/div>\n\n\n\n<div class=\"wp-block-columns is-layout-flex wp-container-core-columns-is-layout-9d6595d7 wp-block-columns-is-layout-flex\">\n<div class=\"wp-block-column is-layout-flow wp-block-column-is-layout-flow\">\n<figure class=\"wp-block-image size-large\"><img decoding=\"async\" src=\"http:\/\/maximeallain.fr\/wp-content\/uploads\/2025\/06\/1.jpg\" alt=\"\" class=\"wp-image-1976\"\/><\/figure>\n<\/div>\n\n\n\n<div class=\"wp-block-column is-layout-flow wp-block-column-is-layout-flow\">\n<figure class=\"wp-block-image size-large\"><img decoding=\"async\" src=\"http:\/\/maximeallain.fr\/wp-content\/uploads\/2025\/06\/5.jpg\" alt=\"\" class=\"wp-image-2006\"\/><\/figure>\n<\/div>\n<\/div>\n\n\n\n<figure class=\"wp-block-image size-large\"><img decoding=\"async\" src=\"http:\/\/maximeallain.fr\/wp-content\/uploads\/2025\/06\/3.jpg\" alt=\"\" class=\"wp-image-1978\"\/><\/figure>\n\n\n\n<figure class=\"wp-block-image size-large\"><img decoding=\"async\" src=\"http:\/\/maximeallain.fr\/wp-content\/uploads\/2025\/06\/4.jpg\" alt=\"\" class=\"wp-image-1979\"\/><\/figure>\n","protected":false},"excerpt":{"rendered":"","protected":false},"author":1,"featured_media":1977,"comment_status":"closed","ping_status":"closed","sticky":false,"template":"","format":"standard","meta":{"footnotes":""},"categories":[14],"tags":[],"class_list":["post-1965","post","type-post","status-publish","format-standard","has-post-thumbnail","hentry","category-illustration"],"_links":{"self":[{"href":"https:\/\/maximeallain.fr\/index.php?rest_route=\/wp\/v2\/posts\/1965","targetHints":{"allow":["GET"]}}],"collection":[{"href":"https:\/\/maximeallain.fr\/index.php?rest_route=\/wp\/v2\/posts"}],"about":[{"href":"https:\/\/maximeallain.fr\/index.php?rest_route=\/wp\/v2\/types\/post"}],"author":[{"embeddable":true,"href":"https:\/\/maximeallain.fr\/index.php?rest_route=\/wp\/v2\/users\/1"}],"replies":[{"embeddable":true,"href":"https:\/\/maximeallain.fr\/index.php?rest_route=%2Fwp%2Fv2%2Fcomments&post=1965"}],"version-history":[{"count":27,"href":"https:\/\/maximeallain.fr\/index.php?rest_route=\/wp\/v2\/posts\/1965\/revisions"}],"predecessor-version":[{"id":2268,"href":"https:\/\/maximeallain.fr\/index.php?rest_route=\/wp\/v2\/posts\/1965\/revisions\/2268"}],"wp:featuredmedia":[{"embeddable":true,"href":"https:\/\/maximeallain.fr\/index.php?rest_route=\/wp\/v2\/media\/1977"}],"wp:attachment":[{"href":"https:\/\/maximeallain.fr\/index.php?rest_route=%2Fwp%2Fv2%2Fmedia&parent=1965"}],"wp:term":[{"taxonomy":"category","embeddable":true,"href":"https:\/\/maximeallain.fr\/index.php?rest_route=%2Fwp%2Fv2%2Fcategories&post=1965"},{"taxonomy":"post_tag","embeddable":true,"href":"https:\/\/maximeallain.fr\/index.php?rest_route=%2Fwp%2Fv2%2Ftags&post=1965"}],"curies":[{"name":"wp","href":"https:\/\/api.w.org\/{rel}","templated":true}]}}