{"id":1218,"date":"2022-03-21T18:59:51","date_gmt":"2022-03-21T17:59:51","guid":{"rendered":"http:\/\/maximeallain.fr\/?p=1218"},"modified":"2025-06-12T17:05:30","modified_gmt":"2025-06-12T15:05:30","slug":"les-mardis-graphiques","status":"publish","type":"post","link":"https:\/\/maximeallain.fr\/?p=1218","title":{"rendered":"Les Mardis Graphiques"},"content":{"rendered":"<p class=\"fonts-plugin-block\" style=\"font-weight: normal;font-size: 48px;line-height: 1.3;color: #272B2F\"><strong>Les Mardis Graphiques<\/strong><\/p>\n\n<p class=\"fonts-plugin-block\" style=\"font-weight: normal;font-size: 16px;line-height: 1.3;color: #272B2F\">Illustration \u2014 Motion<br>2021<\/p>\n\n<p class=\"fonts-plugin-block\" style=\"font-weight: normal;font-size: 16px;line-height: 1.3;color: #272B2F\">Cr\u00e9ation d\u2019un g\u00e9n\u00e9rique et d\u2019une illustration pour\u00a0<em>Les Mardis Graphiques<\/em>, un cycle de conf\u00e9rences r\u00e9alis\u00e9 par Pollen Studio. <em>Les Mardis Graphiques<\/em> ont pour but de partager la culture graphique en d\u00e9cryptant les tendances visuelles dans un secteur particulier.<br><em>(Projet r\u00e9alis\u00e9 lors d&rsquo;un stage chez Pollen Studio).<\/em><\/p>\n\n\n<figure class=\"wp-block-video aligncenter\"><video height=\"1080\" style=\"aspect-ratio: 1720 \/ 1080;\" width=\"1720\" controls src=\"http:\/\/maximeallain.fr\/wp-content\/uploads\/2022\/03\/Captation-\u00e9lagu\u00e9e.mp4\"><\/video><figcaption>G\u00e9n\u00e9rique d\u2019ouverture pour la neuvi\u00e8me \u00e9dition des&nbsp;<em>Mardis Graphiques&nbsp;<\/em>sur les identit\u00e9s de territoire.<\/figcaption><\/figure>\n\n\n\n<div class=\"wp-block-image\"><figure class=\"aligncenter size-large\"><img loading=\"lazy\" decoding=\"async\" width=\"3000\" height=\"1875\" src=\"http:\/\/maximeallain.fr\/wp-content\/uploads\/2022\/03\/visules-01-3000x1875.jpg\" alt=\"\" class=\"wp-image-1223\" srcset=\"https:\/\/maximeallain.fr\/wp-content\/uploads\/2022\/03\/visules-01-3000x1875.jpg 3000w, https:\/\/maximeallain.fr\/wp-content\/uploads\/2022\/03\/visules-01-1080x675.jpg 1080w, https:\/\/maximeallain.fr\/wp-content\/uploads\/2022\/03\/visules-01-500x312.jpg 500w, https:\/\/maximeallain.fr\/wp-content\/uploads\/2022\/03\/visules-01-768x480.jpg 768w, https:\/\/maximeallain.fr\/wp-content\/uploads\/2022\/03\/visules-01-800x500.jpg 800w, https:\/\/maximeallain.fr\/wp-content\/uploads\/2022\/03\/visules-01-1280x800.jpg 1280w, https:\/\/maximeallain.fr\/wp-content\/uploads\/2022\/03\/visules-01-1920x1200.jpg 1920w, https:\/\/maximeallain.fr\/wp-content\/uploads\/2022\/03\/visules-01-1536x960.jpg 1536w, https:\/\/maximeallain.fr\/wp-content\/uploads\/2022\/03\/visules-01-2048x1280.jpg 2048w\" sizes=\"auto, (max-width: 3000px) 100vw, 3000px\" \/><figcaption>Couverture du g\u00e9n\u00e9rique.<\/figcaption><\/figure><\/div>\n\n\n\n<div class=\"wp-block-image\"><figure class=\"aligncenter size-large\"><img decoding=\"async\" src=\"http:\/\/maximeallain.fr\/wp-content\/uploads\/2022\/03\/crea-2.jpg\" alt=\"\" class=\"wp-image-1220\"\/><figcaption>Illustration pour annoncer le webinar des&nbsp;<em>Mardis Graphiques&nbsp;<\/em>sur les tendances graphiques de 2022. <br>(non retenue)<\/figcaption><\/figure><\/div>\n","protected":false},"excerpt":{"rendered":"","protected":false},"author":1,"featured_media":1236,"comment_status":"closed","ping_status":"closed","sticky":false,"template":"","format":"standard","meta":{"footnotes":""},"categories":[16],"tags":[],"class_list":["post-1218","post","type-post","status-publish","format-standard","has-post-thumbnail","hentry","category-motion"],"_links":{"self":[{"href":"https:\/\/maximeallain.fr\/index.php?rest_route=\/wp\/v2\/posts\/1218","targetHints":{"allow":["GET"]}}],"collection":[{"href":"https:\/\/maximeallain.fr\/index.php?rest_route=\/wp\/v2\/posts"}],"about":[{"href":"https:\/\/maximeallain.fr\/index.php?rest_route=\/wp\/v2\/types\/post"}],"author":[{"embeddable":true,"href":"https:\/\/maximeallain.fr\/index.php?rest_route=\/wp\/v2\/users\/1"}],"replies":[{"embeddable":true,"href":"https:\/\/maximeallain.fr\/index.php?rest_route=%2Fwp%2Fv2%2Fcomments&post=1218"}],"version-history":[{"count":17,"href":"https:\/\/maximeallain.fr\/index.php?rest_route=\/wp\/v2\/posts\/1218\/revisions"}],"predecessor-version":[{"id":2280,"href":"https:\/\/maximeallain.fr\/index.php?rest_route=\/wp\/v2\/posts\/1218\/revisions\/2280"}],"wp:featuredmedia":[{"embeddable":true,"href":"https:\/\/maximeallain.fr\/index.php?rest_route=\/wp\/v2\/media\/1236"}],"wp:attachment":[{"href":"https:\/\/maximeallain.fr\/index.php?rest_route=%2Fwp%2Fv2%2Fmedia&parent=1218"}],"wp:term":[{"taxonomy":"category","embeddable":true,"href":"https:\/\/maximeallain.fr\/index.php?rest_route=%2Fwp%2Fv2%2Fcategories&post=1218"},{"taxonomy":"post_tag","embeddable":true,"href":"https:\/\/maximeallain.fr\/index.php?rest_route=%2Fwp%2Fv2%2Ftags&post=1218"}],"curies":[{"name":"wp","href":"https:\/\/api.w.org\/{rel}","templated":true}]}}